{"id":420,"date":"2023-07-17T22:12:08","date_gmt":"2023-07-17T20:12:08","guid":{"rendered":"https:\/\/www.mcom.cat\/es\/?p=420"},"modified":"2023-08-12T22:12:49","modified_gmt":"2023-08-12T20:12:49","slug":"la-aim-entra-en-el-censo-de-entidades-de-fomento-de-la-lengua-catalana","status":"publish","type":"post","link":"https:\/\/www.mcom.cat\/es\/blog\/2023\/07\/17\/la-aim-entra-en-el-censo-de-entidades-de-fomento-de-la-lengua-catalana\/","title":{"rendered":"La AIM entra en el Censo de entidades de fomento de la lengua catalana"},"content":{"rendered":"\n<p class=\"gutenify-section-5f984850-394b-11ee-a651-a5b6aa905d7a gtfy-1\">La Generalitat de Catalunya ha incluido la Associaci\u00f3 d&#8217;Informadors del Maresme (AIM), del Grupo mCOM, en el Censo de entidades de fomento de la lengua catalana.<\/p>\n\n\n\n<p class=\"gutenify-section-63baeff0-394b-11ee-a651-a5b6aa905d7a gtfy-4\">Este registro recoge las entitades sin \u00e1nimo de lucro, colegios profesionales y organizaciones sindicales y empresariales que llevan a cabo actividades para promover el conocimiento y uso de la lengua catalana.<\/p>\n\n\n\n<p class=\"gutenify-section-67be01a0-394b-11ee-a651-a5b6aa905d7a gtfy-7\">M\u00e1s de 220 entidades forman parte de este censo, seg\u00fan la resoluci\u00f3n del Departament de Cultura publicada en el Diari Oficial de la Generalitat de Catalunya (DOGC).<\/p>\n\n\n\n<p class=\"gutenify-section-6ce1c590-394b-11ee-a651-a5b6aa905d7a gtfy-10\">\u00abLa AIM se muestra orgullosa y satisfecha que se reconozca su tarea de fomento del catal\u00e1n en el \u00e1mbito de la informaci\u00f3n, uno de los valores de la asociaci\u00f3n\u00bb, ha asegurado la presidenta de la entidad, Andrea Medina.<\/p>\n","protected":false},"excerpt":{"rendered":"<p>La Generalitat de Catalunya ha incluido la Associaci\u00f3 d&#8217;Informadors del Maresme (AIM), del Grupo mCOM, [&hellip;]<\/p>\n","protected":false},"author":3,"featured_media":0,"comment_status":"open","ping_status":"open","sticky":false,"template":"","format":"standard","meta":{"footnotes":""},"categories":[1],"tags":[],"class_list":["post-420","post","type-post","status-publish","format-standard","hentry","category-sin-categoria"],"yoast_head":"<!-- This site is optimized with the Yoast SEO plugin v26.7 - https:\/\/yoast.com\/wordpress\/plugins\/seo\/ -->\n<title>La AIM entra en el Censo de entidades de fomento de la lengua catalana - MCOM<\/title>\n<meta name=\"robots\" content=\"index, follow, max-snippet:-1, max-image-preview:large, max-video-preview:-1\" \/>\n<link rel=\"canonical\" href=\"https:\/\/www.mcom.cat\/es\/blog\/2023\/07\/17\/la-aim-entra-en-el-censo-de-entidades-de-fomento-de-la-lengua-catalana\/\" \/>\n<meta property=\"og:locale\" content=\"es_ES\" \/>\n<meta property=\"og:type\" content=\"article\" \/>\n<meta property=\"og:title\" content=\"La AIM entra en el Censo de entidades de fomento de la lengua catalana - MCOM\" \/>\n<meta property=\"og:description\" content=\"La Generalitat de Catalunya ha incluido la Associaci\u00f3 d&#8217;Informadors del Maresme (AIM), del Grupo mCOM, [&hellip;]\" \/>\n<meta property=\"og:url\" content=\"https:\/\/www.mcom.cat\/es\/blog\/2023\/07\/17\/la-aim-entra-en-el-censo-de-entidades-de-fomento-de-la-lengua-catalana\/\" \/>\n<meta property=\"og:site_name\" content=\"MCOM\" \/>\n<meta property=\"article:published_time\" content=\"2023-07-17T20:12:08+00:00\" \/>\n<meta property=\"article:modified_time\" content=\"2023-08-12T20:12:49+00:00\" \/>\n<meta name=\"author\" content=\"gbierijjrsdrd\" \/>\n<meta name=\"twitter:card\" content=\"summary_large_image\" \/>\n<meta name=\"twitter:label1\" content=\"Escrito por\" \/>\n\t<meta name=\"twitter:data1\" content=\"gbierijjrsdrd\" \/>\n\t<meta name=\"twitter:label2\" content=\"Tiempo de lectura\" \/>\n\t<meta name=\"twitter:data2\" content=\"1 minuto\" \/>\n<script type=\"application\/ld+json\" class=\"yoast-schema-graph\">{\"@context\":\"https:\/\/schema.org\",\"@graph\":[{\"@type\":\"Article\",\"@id\":\"https:\/\/www.mcom.cat\/es\/blog\/2023\/07\/17\/la-aim-entra-en-el-censo-de-entidades-de-fomento-de-la-lengua-catalana\/#article\",\"isPartOf\":{\"@id\":\"https:\/\/www.mcom.cat\/es\/blog\/2023\/07\/17\/la-aim-entra-en-el-censo-de-entidades-de-fomento-de-la-lengua-catalana\/\"},\"author\":{\"name\":\"gbierijjrsdrd\",\"@id\":\"https:\/\/www.mcom.cat\/es\/#\/schema\/person\/987dfc3d0fde6d17fec7c3565e95e935\"},\"headline\":\"La AIM entra en el Censo de entidades de fomento de la lengua catalana\",\"datePublished\":\"2023-07-17T20:12:08+00:00\",\"dateModified\":\"2023-08-12T20:12:49+00:00\",\"mainEntityOfPage\":{\"@id\":\"https:\/\/www.mcom.cat\/es\/blog\/2023\/07\/17\/la-aim-entra-en-el-censo-de-entidades-de-fomento-de-la-lengua-catalana\/\"},\"wordCount\":142,\"commentCount\":0,\"publisher\":{\"@id\":\"https:\/\/www.mcom.cat\/es\/#organization\"},\"inLanguage\":\"es\",\"potentialAction\":[{\"@type\":\"CommentAction\",\"name\":\"Comment\",\"target\":[\"https:\/\/www.mcom.cat\/es\/blog\/2023\/07\/17\/la-aim-entra-en-el-censo-de-entidades-de-fomento-de-la-lengua-catalana\/#respond\"]}]},{\"@type\":\"WebPage\",\"@id\":\"https:\/\/www.mcom.cat\/es\/blog\/2023\/07\/17\/la-aim-entra-en-el-censo-de-entidades-de-fomento-de-la-lengua-catalana\/\",\"url\":\"https:\/\/www.mcom.cat\/es\/blog\/2023\/07\/17\/la-aim-entra-en-el-censo-de-entidades-de-fomento-de-la-lengua-catalana\/\",\"name\":\"La AIM entra en el Censo de entidades de fomento de la lengua catalana - MCOM\",\"isPartOf\":{\"@id\":\"https:\/\/www.mcom.cat\/es\/#website\"},\"datePublished\":\"2023-07-17T20:12:08+00:00\",\"dateModified\":\"2023-08-12T20:12:49+00:00\",\"breadcrumb\":{\"@id\":\"https:\/\/www.mcom.cat\/es\/blog\/2023\/07\/17\/la-aim-entra-en-el-censo-de-entidades-de-fomento-de-la-lengua-catalana\/#breadcrumb\"},\"inLanguage\":\"es\",\"potentialAction\":[{\"@type\":\"ReadAction\",\"target\":[\"https:\/\/www.mcom.cat\/es\/blog\/2023\/07\/17\/la-aim-entra-en-el-censo-de-entidades-de-fomento-de-la-lengua-catalana\/\"]}]},{\"@type\":\"BreadcrumbList\",\"@id\":\"https:\/\/www.mcom.cat\/es\/blog\/2023\/07\/17\/la-aim-entra-en-el-censo-de-entidades-de-fomento-de-la-lengua-catalana\/#breadcrumb\",\"itemListElement\":[{\"@type\":\"ListItem\",\"position\":1,\"name\":\"Inici\",\"item\":\"https:\/\/www.mcom.cat\/es\/\"},{\"@type\":\"ListItem\",\"position\":2,\"name\":\"La AIM entra en el Censo de entidades de fomento de la lengua catalana\"}]},{\"@type\":\"WebSite\",\"@id\":\"https:\/\/www.mcom.cat\/es\/#website\",\"url\":\"https:\/\/www.mcom.cat\/es\/\",\"name\":\"MCOM\",\"description\":\"\",\"publisher\":{\"@id\":\"https:\/\/www.mcom.cat\/es\/#organization\"},\"potentialAction\":[{\"@type\":\"SearchAction\",\"target\":{\"@type\":\"EntryPoint\",\"urlTemplate\":\"https:\/\/www.mcom.cat\/es\/?s={search_term_string}\"},\"query-input\":{\"@type\":\"PropertyValueSpecification\",\"valueRequired\":true,\"valueName\":\"search_term_string\"}}],\"inLanguage\":\"es\"},{\"@type\":\"Organization\",\"@id\":\"https:\/\/www.mcom.cat\/es\/#organization\",\"name\":\"MCOM\",\"url\":\"https:\/\/www.mcom.cat\/es\/\",\"logo\":{\"@type\":\"ImageObject\",\"inLanguage\":\"es\",\"@id\":\"https:\/\/www.mcom.cat\/es\/#\/schema\/logo\/image\/\",\"url\":\"https:\/\/www.mcom.cat\/es\/wp-content\/uploads\/sites\/2\/2023\/08\/logo_mcom.png\",\"contentUrl\":\"https:\/\/www.mcom.cat\/es\/wp-content\/uploads\/sites\/2\/2023\/08\/logo_mcom.png\",\"width\":562,\"height\":450,\"caption\":\"MCOM\"},\"image\":{\"@id\":\"https:\/\/www.mcom.cat\/es\/#\/schema\/logo\/image\/\"}},{\"@type\":\"Person\",\"@id\":\"https:\/\/www.mcom.cat\/es\/#\/schema\/person\/987dfc3d0fde6d17fec7c3565e95e935\",\"name\":\"gbierijjrsdrd\",\"image\":{\"@type\":\"ImageObject\",\"inLanguage\":\"es\",\"@id\":\"https:\/\/www.mcom.cat\/es\/#\/schema\/person\/image\/\",\"url\":\"https:\/\/secure.gravatar.com\/avatar\/88527dccfdd0e8dee4b4405aece61930d7f9ed653813c60da13e6b002fb9e313?s=96&d=mm&r=g\",\"contentUrl\":\"https:\/\/secure.gravatar.com\/avatar\/88527dccfdd0e8dee4b4405aece61930d7f9ed653813c60da13e6b002fb9e313?s=96&d=mm&r=g\",\"caption\":\"gbierijjrsdrd\"},\"sameAs\":[\"http:\/\/www.mcom.cat\"],\"url\":\"https:\/\/www.mcom.cat\/es\/blog\/author\/gbierijjrsdrd\/\"}]}<\/script>\n<!-- \/ Yoast SEO plugin. -->","yoast_head_json":{"title":"La AIM entra en el Censo de entidades de fomento de la lengua catalana - MCOM","robots":{"index":"index","follow":"follow","max-snippet":"max-snippet:-1","max-image-preview":"max-image-preview:large","max-video-preview":"max-video-preview:-1"},"canonical":"https:\/\/www.mcom.cat\/es\/blog\/2023\/07\/17\/la-aim-entra-en-el-censo-de-entidades-de-fomento-de-la-lengua-catalana\/","og_locale":"es_ES","og_type":"article","og_title":"La AIM entra en el Censo de entidades de fomento de la lengua catalana - MCOM","og_description":"La Generalitat de Catalunya ha incluido la Associaci\u00f3 d&#8217;Informadors del Maresme (AIM), del Grupo mCOM, [&hellip;]","og_url":"https:\/\/www.mcom.cat\/es\/blog\/2023\/07\/17\/la-aim-entra-en-el-censo-de-entidades-de-fomento-de-la-lengua-catalana\/","og_site_name":"MCOM","article_published_time":"2023-07-17T20:12:08+00:00","article_modified_time":"2023-08-12T20:12:49+00:00","author":"gbierijjrsdrd","twitter_card":"summary_large_image","twitter_misc":{"Escrito por":"gbierijjrsdrd","Tiempo de lectura":"1 minuto"},"schema":{"@context":"https:\/\/schema.org","@graph":[{"@type":"Article","@id":"https:\/\/www.mcom.cat\/es\/blog\/2023\/07\/17\/la-aim-entra-en-el-censo-de-entidades-de-fomento-de-la-lengua-catalana\/#article","isPartOf":{"@id":"https:\/\/www.mcom.cat\/es\/blog\/2023\/07\/17\/la-aim-entra-en-el-censo-de-entidades-de-fomento-de-la-lengua-catalana\/"},"author":{"name":"gbierijjrsdrd","@id":"https:\/\/www.mcom.cat\/es\/#\/schema\/person\/987dfc3d0fde6d17fec7c3565e95e935"},"headline":"La AIM entra en el Censo de entidades de fomento de la lengua catalana","datePublished":"2023-07-17T20:12:08+00:00","dateModified":"2023-08-12T20:12:49+00:00","mainEntityOfPage":{"@id":"https:\/\/www.mcom.cat\/es\/blog\/2023\/07\/17\/la-aim-entra-en-el-censo-de-entidades-de-fomento-de-la-lengua-catalana\/"},"wordCount":142,"commentCount":0,"publisher":{"@id":"https:\/\/www.mcom.cat\/es\/#organization"},"inLanguage":"es","potentialAction":[{"@type":"CommentAction","name":"Comment","target":["https:\/\/www.mcom.cat\/es\/blog\/2023\/07\/17\/la-aim-entra-en-el-censo-de-entidades-de-fomento-de-la-lengua-catalana\/#respond"]}]},{"@type":"WebPage","@id":"https:\/\/www.mcom.cat\/es\/blog\/2023\/07\/17\/la-aim-entra-en-el-censo-de-entidades-de-fomento-de-la-lengua-catalana\/","url":"https:\/\/www.mcom.cat\/es\/blog\/2023\/07\/17\/la-aim-entra-en-el-censo-de-entidades-de-fomento-de-la-lengua-catalana\/","name":"La AIM entra en el Censo de entidades de fomento de la lengua catalana - MCOM","isPartOf":{"@id":"https:\/\/www.mcom.cat\/es\/#website"},"datePublished":"2023-07-17T20:12:08+00:00","dateModified":"2023-08-12T20:12:49+00:00","breadcrumb":{"@id":"https:\/\/www.mcom.cat\/es\/blog\/2023\/07\/17\/la-aim-entra-en-el-censo-de-entidades-de-fomento-de-la-lengua-catalana\/#breadcrumb"},"inLanguage":"es","potentialAction":[{"@type":"ReadAction","target":["https:\/\/www.mcom.cat\/es\/blog\/2023\/07\/17\/la-aim-entra-en-el-censo-de-entidades-de-fomento-de-la-lengua-catalana\/"]}]},{"@type":"BreadcrumbList","@id":"https:\/\/www.mcom.cat\/es\/blog\/2023\/07\/17\/la-aim-entra-en-el-censo-de-entidades-de-fomento-de-la-lengua-catalana\/#breadcrumb","itemListElement":[{"@type":"ListItem","position":1,"name":"Inici","item":"https:\/\/www.mcom.cat\/es\/"},{"@type":"ListItem","position":2,"name":"La AIM entra en el Censo de entidades de fomento de la lengua catalana"}]},{"@type":"WebSite","@id":"https:\/\/www.mcom.cat\/es\/#website","url":"https:\/\/www.mcom.cat\/es\/","name":"MCOM","description":"","publisher":{"@id":"https:\/\/www.mcom.cat\/es\/#organization"},"potentialAction":[{"@type":"SearchAction","target":{"@type":"EntryPoint","urlTemplate":"https:\/\/www.mcom.cat\/es\/?s={search_term_string}"},"query-input":{"@type":"PropertyValueSpecification","valueRequired":true,"valueName":"search_term_string"}}],"inLanguage":"es"},{"@type":"Organization","@id":"https:\/\/www.mcom.cat\/es\/#organization","name":"MCOM","url":"https:\/\/www.mcom.cat\/es\/","logo":{"@type":"ImageObject","inLanguage":"es","@id":"https:\/\/www.mcom.cat\/es\/#\/schema\/logo\/image\/","url":"https:\/\/www.mcom.cat\/es\/wp-content\/uploads\/sites\/2\/2023\/08\/logo_mcom.png","contentUrl":"https:\/\/www.mcom.cat\/es\/wp-content\/uploads\/sites\/2\/2023\/08\/logo_mcom.png","width":562,"height":450,"caption":"MCOM"},"image":{"@id":"https:\/\/www.mcom.cat\/es\/#\/schema\/logo\/image\/"}},{"@type":"Person","@id":"https:\/\/www.mcom.cat\/es\/#\/schema\/person\/987dfc3d0fde6d17fec7c3565e95e935","name":"gbierijjrsdrd","image":{"@type":"ImageObject","inLanguage":"es","@id":"https:\/\/www.mcom.cat\/es\/#\/schema\/person\/image\/","url":"https:\/\/secure.gravatar.com\/avatar\/88527dccfdd0e8dee4b4405aece61930d7f9ed653813c60da13e6b002fb9e313?s=96&d=mm&r=g","contentUrl":"https:\/\/secure.gravatar.com\/avatar\/88527dccfdd0e8dee4b4405aece61930d7f9ed653813c60da13e6b002fb9e313?s=96&d=mm&r=g","caption":"gbierijjrsdrd"},"sameAs":["http:\/\/www.mcom.cat"],"url":"https:\/\/www.mcom.cat\/es\/blog\/author\/gbierijjrsdrd\/"}]}},"_links":{"self":[{"href":"https:\/\/www.mcom.cat\/es\/wp-json\/wp\/v2\/posts\/420","targetHints":{"allow":["GET"]}}],"collection":[{"href":"https:\/\/www.mcom.cat\/es\/wp-json\/wp\/v2\/posts"}],"about":[{"href":"https:\/\/www.mcom.cat\/es\/wp-json\/wp\/v2\/types\/post"}],"author":[{"embeddable":true,"href":"https:\/\/www.mcom.cat\/es\/wp-json\/wp\/v2\/users\/3"}],"replies":[{"embeddable":true,"href":"https:\/\/www.mcom.cat\/es\/wp-json\/wp\/v2\/comments?post=420"}],"version-history":[{"count":0,"href":"https:\/\/www.mcom.cat\/es\/wp-json\/wp\/v2\/posts\/420\/revisions"}],"wp:attachment":[{"href":"https:\/\/www.mcom.cat\/es\/wp-json\/wp\/v2\/media?parent=420"}],"wp:term":[{"taxonomy":"category","embeddable":true,"href":"https:\/\/www.mcom.cat\/es\/wp-json\/wp\/v2\/categories?post=420"},{"taxonomy":"post_tag","embeddable":true,"href":"https:\/\/www.mcom.cat\/es\/wp-json\/wp\/v2\/tags?post=420"}],"curies":[{"name":"wp","href":"https:\/\/api.w.org\/{rel}","templated":true}]}}